{"id":295,"date":"2026-04-07T12:00:00","date_gmt":"2026-04-07T10:00:00","guid":{"rendered":"https:\/\/okulistyka-dziecieca2023.pl\/index.php\/2026\/04\/07\/wczasy-z-odchudzaniem-w-spa-ulanska-aktywnie-i-zdrowo\/"},"modified":"2026-04-07T12:00:00","modified_gmt":"2026-04-07T10:00:00","slug":"wczasy-z-odchudzaniem-w-spa-ulanska-aktywnie-i-zdrowo","status":"publish","type":"post","link":"https:\/\/okulistyka-dziecieca2023.pl\/index.php\/2026\/04\/07\/wczasy-z-odchudzaniem-w-spa-ulanska-aktywnie-i-zdrowo\/","title":{"rendered":"Wczasy z odchudzaniem w spa U\u0142a\u0144ska \u2014 aktywnie i zdrowo"},"content":{"rendered":"<h2>Dlaczego warto przyjecha\u0107 do u\u0142a\u0144skiej<\/h2>\n<p>Spa U\u0142a\u0144ska to miejsce, kt\u00f3re \u0142\u0105czy relaks z programem zdrowotnym skoncentrowanym na zdrowej utracie masy cia\u0142a. Pobyt tu to nie tylko regeneracja, ale te\u017c konkretne dzia\u0142ania prowadz\u0105ce do trwa\u0142ych zmian w stylu \u017cycia.<\/p>\n<p>Personel sk\u0142ada si\u0119 z dietetyk\u00f3w, fizjoterapeut\u00f3w i instruktor\u00f3w fitness, kt\u00f3rzy indywidualnie dopasowuj\u0105 plan. Komfortowe warunki i kameralna atmosfera sprzyjaj\u0105 wytrwa\u0142o\u015bci i motywacji.<\/p>\n<h2>Program odchudzaj\u0105cy: jak wygl\u0105da<\/h2>\n<p>Program jest urozmaicony i podzielony na modu\u0142y, \u017ceby ka\u017cdy dzie\u0144 by\u0142 inny. Szczeg\u00f3\u0142y planu zale\u017c\u0105 od wyj\u015bciowej kondycji i cel\u00f3w uczestnika.<\/p>\n<ul>\n<li>poranny trening o niskiej lub umiarkowanej intensywno\u015bci;<\/li>\n<li>zaj\u0119cia technik oddechowych i mobilno\u015bci;<\/li>\n<li>warsztaty edukacyjne o \u017cywieniu i nawykach;<\/li>\n<li>indywidualne konsultacje z trenerem i dietetykiem.<\/li>\n<\/ul>\n<p>Plan obejmuje te\u017c dni regeneracyjne z zabiegami spa, co pomaga unikn\u0105\u0107 przeci\u0105\u017ce\u0144 i poprawia samopoczucie.<\/p>\n<h2>dieta i posi\u0142ki<\/h2>\n<p>Posi\u0142ki w U\u0142a\u0144skiej s\u0105 przygotowane tak, by dostarcza\u0107 odpowiedni\u0105 ilo\u015b\u0107 energii, bia\u0142ka i sk\u0142adnik\u00f3w od\u017cywczych. Menu opiera si\u0119 na produktach sezonowych i zr\u00f3wnowa\u017conej kompozycji makrosk\u0142adnik\u00f3w.<\/p>\n<table>\n<tr>\n<th>Posi\u0142ek<\/th>\n<th>Przyk\u0142ad<\/th>\n<th>Kalorie (ok.)<\/th>\n<\/tr>\n<tr>\n<td>\u015bniadanie<\/td>\n<td>owsianka z owocami i orzechami<\/td>\n<td>400 kcal<\/td>\n<\/tr>\n<tr>\n<td>obiad<\/td>\n<td>pieczony \u0142oso\u015b, kasza, warzywa<\/td>\n<td>600 kcal<\/td>\n<\/tr>\n<tr>\n<td>kolacja<\/td>\n<td>sa\u0142atka z ciecierzyc\u0105 i dressingiem jogurtowym<\/td>\n<td>350 kcal<\/td>\n<\/tr>\n<\/table>\n<p>Je\u015bli chcesz poszuka\u0107 oferty i dowiedzie\u0107 si\u0119 wi\u0119cej o dost\u0119pnych terminach, sprawd\u017a <a href=\"https:\/\/ulanska.pl\/\">wczasy z odchudzaniem<\/a> \u2014 link prowadzi do pe\u0142nej prezentacji program\u00f3w i menu.<\/p>\n<h2>Aktywno\u015b\u0107 fizyczna i zaj\u0119cia<\/h2>\n<p>R\u00f3\u017cnorodno\u015b\u0107 aktywno\u015bci to klucz: od nordic walking po trening si\u0142owy z elementami funkcjonalnymi. Zaj\u0119cia prowadzone s\u0105 w ma\u0142ych grupach, co pozwala trenerom korygowa\u0107 technik\u0119.<\/p>\n<p>Opr\u00f3cz trening\u00f3w na \u015bwie\u017cym powietrzu dost\u0119pne s\u0105 basen, sauna i sesje stretchingu. Dla os\u00f3b preferuj\u0105cych spokojniejsze tempo przygotowano spacery terapeutyczne i sesje mindfulness.<\/p>\n<h2>Dla kogo s\u0105 te wczasy i czego si\u0119 spodziewa\u0107<\/h2>\n<p>Program sprawdzi si\u0119 zar\u00f3wno dla os\u00f3b, kt\u00f3re chc\u0105 rozpocz\u0105\u0107 proces odchudzania, jak i dla tych, kt\u00f3rzy pragn\u0105 zmieni\u0107 swoje nawyki \u017cywieniowe. Oferta jest dostosowana do r\u00f3\u017cnych poziom\u00f3w zaawansowania.<\/p>\n<p>Przygotuj si\u0119 na intensywny tydzie\u0144 pracy nad sob\u0105: codzienne aktywno\u015bci, szkolenia i pe\u0142ne wsparcie specjalist\u00f3w. Efekty zale\u017c\u0105 od zaanga\u017cowania, jednak uczestnicy cz\u0119sto zg\u0142aszaj\u0105 popraw\u0119 samopoczucia i zauwa\u017calny spadek masy cia\u0142a ju\u017c po kr\u00f3tkim czasie.<\/p>\n<h3>Jak d\u0142ugo trwa standardowy pobyt?<\/h3>\n<p>Standardowe turnusy trwaj\u0105 od 5 do 14 dni. Kr\u00f3tsze pobyty s\u0105 dobrym startem, d\u0142u\u017csze daj\u0105 wi\u0119cej czasu na wprowadzenie trwa\u0142ych zmian.<\/p>\n<h3>Czy program jest bezpieczny dla os\u00f3b z chorobami przewlek\u0142ymi?<\/h3>\n<p>Przed przyjazdem zalecana jest konsultacja z lekarzem. Na miejscu dost\u0119pne s\u0105 konsultacje medyczne i plany modyfikowane pod k\u0105tem istniej\u0105cych schorze\u0144.<\/p>\n<h3>Co zabra\u0107 ze sob\u0105 na pobyt?<\/h3>\n<p>Warto mie\u0107 wygodne ubrania do \u0107wicze\u0144, obuwie na \u015bwie\u017ce powietrze, kostium k\u0105pielowy oraz notatnik do zapisywania wskaz\u00f3wek dietetycznych i treningowych.<\/p>\n<h3>Jak szybko mo\u017cna liczy\u0107 na efekty?<\/h3>\n<p>Tempo zmian jest indywidualne. Realistyczne i bezpieczne tempo to utrata 0,5\u20131 kg tygodniowo przy jednoczesnym poprawianiu sk\u0142adu cia\u0142a i kondycji.<\/p>\n","protected":false},"excerpt":{"rendered":"<p>Przewodnik po wczasach odchudzaj\u0105cych w spa U\u0142a\u0144ska \u2014 opis programu, diety i aktywno\u015bci. Dowiedz si\u0119, czego si\u0119 spodziewa\u0107 i jak przygotowa\u0107 si\u0119 do pobytu, by osi\u0105gn\u0105\u0107 trwa\u0142e efekty.<\/p>\n","protected":false},"author":1,"featured_media":294,"comment_status":"closed","ping_status":"open","sticky":false,"template":"","format":"standard","meta":{"footnotes":""},"categories":[1],"tags":[],"class_list":["post-295","post","type-post","status-publish","format-standard","has-post-thumbnail","hentry","category-bez-kategorii"],"_links":{"self":[{"href":"https:\/\/okulistyka-dziecieca2023.pl\/index.php\/wp-json\/wp\/v2\/posts\/295","targetHints":{"allow":["GET"]}}],"collection":[{"href":"https:\/\/okulistyka-dziecieca2023.pl\/index.php\/wp-json\/wp\/v2\/posts"}],"about":[{"href":"https:\/\/okulistyka-dziecieca2023.pl\/index.php\/wp-json\/wp\/v2\/types\/post"}],"author":[{"embeddable":true,"href":"https:\/\/okulistyka-dziecieca2023.pl\/index.php\/wp-json\/wp\/v2\/users\/1"}],"replies":[{"embeddable":true,"href":"https:\/\/okulistyka-dziecieca2023.pl\/index.php\/wp-json\/wp\/v2\/comments?post=295"}],"version-history":[{"count":0,"href":"https:\/\/okulistyka-dziecieca2023.pl\/index.php\/wp-json\/wp\/v2\/posts\/295\/revisions"}],"wp:featuredmedia":[{"embeddable":true,"href":"https:\/\/okulistyka-dziecieca2023.pl\/index.php\/wp-json\/wp\/v2\/media\/294"}],"wp:attachment":[{"href":"https:\/\/okulistyka-dziecieca2023.pl\/index.php\/wp-json\/wp\/v2\/media?parent=295"}],"wp:term":[{"taxonomy":"category","embeddable":true,"href":"https:\/\/okulistyka-dziecieca2023.pl\/index.php\/wp-json\/wp\/v2\/categories?post=295"},{"taxonomy":"post_tag","embeddable":true,"href":"https:\/\/okulistyka-dziecieca2023.pl\/index.php\/wp-json\/wp\/v2\/tags?post=295"}],"curies":[{"name":"wp","href":"https:\/\/api.w.org\/{rel}","templated":true}]}}